{"@context":"https:\/\/schema.org\/","@type":"CollectionPage","@id":"https:\/\/www.balador.cz\/deti\/#CollectionPage","headline":"D\u011bti Category","description":"","url":"https:\/\/www.balador.cz\/deti\/","hasPart":[{"@type":"Article","@id":"https:\/\/www.balador.cz\/profesionalni-fotografie-deti\/","headline":"Profesion\u00e1ln\u00ed fotografie d\u011bt\u00ed","url":"https:\/\/www.balador.cz\/profesionalni-fotografie-deti\/","datePublished":"2025-03-03","dateModified":"2023-05-04","mainEntityOfPage":"https:\/\/www.balador.cz\/profesionalni-fotografie-deti\/","author":{"@type":"Person","@id":"https:\/\/www.balador.cz\/author\/#Person","name":"balador.cz\n","url":"https:\/\/www.balador.cz\/author\/","identifier":1,"image":{"@type":"ImageObject","@id":"https:\/\/secure.gravatar.com\/avatar\/014a645f9f16d49aceddb25e316448c724bd78e7db0ee7a34c29417d5ca39ef1?s=96&d=mm&r=g","url":"https:\/\/secure.gravatar.com\/avatar\/014a645f9f16d49aceddb25e316448c724bd78e7db0ee7a34c29417d5ca39ef1?s=96&d=mm&r=g","height":96,"width":96}},"publisher":{"@type":"Organization","name":"balador.cz","logo":{"@type":"ImageObject","@id":"\/logo.png","url":"\/logo.png","width":600,"height":60}},"image":{"@type":"ImageObject","@id":"https:\/\/www.balador.cz\/wp-content\/uploads\/img_a295836_w2290_t1507281810.jpg","url":"https:\/\/www.balador.cz\/wp-content\/uploads\/img_a295836_w2290_t1507281810.jpg","height":0,"width":0},"keywords":null},{"@type":"Article","@id":"https:\/\/www.balador.cz\/rozmazlovani-od-prarodicu\/","headline":"Rozmazlov\u00e1n\u00ed od prarodi\u010d\u016f","url":"https:\/\/www.balador.cz\/rozmazlovani-od-prarodicu\/","datePublished":"2025-02-28","dateModified":"2023-05-04","mainEntityOfPage":"https:\/\/www.balador.cz\/rozmazlovani-od-prarodicu\/","author":{"@type":"Person","@id":"https:\/\/www.balador.cz\/author\/#Person","name":"balador.cz\n","url":"https:\/\/www.balador.cz\/author\/","identifier":1,"image":{"@type":"ImageObject","@id":"https:\/\/secure.gravatar.com\/avatar\/014a645f9f16d49aceddb25e316448c724bd78e7db0ee7a34c29417d5ca39ef1?s=96&d=mm&r=g","url":"https:\/\/secure.gravatar.com\/avatar\/014a645f9f16d49aceddb25e316448c724bd78e7db0ee7a34c29417d5ca39ef1?s=96&d=mm&r=g","height":96,"width":96}},"publisher":{"@type":"Organization","name":"balador.cz","logo":{"@type":"ImageObject","@id":"\/logo.png","url":"\/logo.png","width":600,"height":60}},"image":{"@type":"ImageObject","@id":"https:\/\/www.balador.cz\/wp-content\/uploads\/img_a312110_w2290_t1523172663.jpg","url":"https:\/\/www.balador.cz\/wp-content\/uploads\/img_a312110_w2290_t1523172663.jpg","height":0,"width":0},"keywords":null},{"@type":"Article","@id":"https:\/\/www.balador.cz\/predcasne-narozene-deti\/","headline":"P\u0159ed\u010dasn\u011b narozen\u00e9 d\u011bti","url":"https:\/\/www.balador.cz\/predcasne-narozene-deti\/","datePublished":"2019-05-25","dateModified":"2023-06-12","mainEntityOfPage":"https:\/\/www.balador.cz\/predcasne-narozene-deti\/","author":{"@type":"Person","@id":"https:\/\/www.balador.cz\/author\/#Person","name":"balador.cz\n","url":"https:\/\/www.balador.cz\/author\/","identifier":1,"image":{"@type":"ImageObject","@id":"https:\/\/secure.gravatar.com\/avatar\/014a645f9f16d49aceddb25e316448c724bd78e7db0ee7a34c29417d5ca39ef1?s=96&d=mm&r=g","url":"https:\/\/secure.gravatar.com\/avatar\/014a645f9f16d49aceddb25e316448c724bd78e7db0ee7a34c29417d5ca39ef1?s=96&d=mm&r=g","height":96,"width":96}},"publisher":{"@type":"Organization","name":"balador.cz","logo":{"@type":"ImageObject","@id":"\/logo.png","url":"\/logo.png","width":600,"height":60}},"image":{"@type":"ImageObject","@id":"https:\/\/www.balador.cz\/wp-content\/uploads\/img_a344543_w2290_t1558429477.jpg","url":"https:\/\/www.balador.cz\/wp-content\/uploads\/img_a344543_w2290_t1558429477.jpg","height":0,"width":0},"keywords":null},{"@type":"Article","@id":"https:\/\/www.balador.cz\/deti\/","headline":"D\u011bti","url":"https:\/\/www.balador.cz\/deti\/","datePublished":"2018-06-03","dateModified":"2023-05-04","mainEntityOfPage":"https:\/\/www.balador.cz\/deti\/","author":{"@type":"Person","@id":"https:\/\/www.balador.cz\/author\/#Person","name":"balador.cz\n","url":"https:\/\/www.balador.cz\/author\/","identifier":1,"image":{"@type":"ImageObject","@id":"https:\/\/secure.gravatar.com\/avatar\/014a645f9f16d49aceddb25e316448c724bd78e7db0ee7a34c29417d5ca39ef1?s=96&d=mm&r=g","url":"https:\/\/secure.gravatar.com\/avatar\/014a645f9f16d49aceddb25e316448c724bd78e7db0ee7a34c29417d5ca39ef1?s=96&d=mm&r=g","height":96,"width":96}},"publisher":{"@type":"Organization","name":"balador.cz","logo":{"@type":"ImageObject","@id":"\/logo.png","url":"\/logo.png","width":600,"height":60}},"image":{"@type":"ImageObject","@id":"https:\/\/www.balador.cz\/wp-content\/uploads\/img_a321175_w2290_t1532422446.jpg","url":"https:\/\/www.balador.cz\/wp-content\/uploads\/img_a321175_w2290_t1532422446.jpg","height":0,"width":0},"keywords":null}]}