[{"@context":"https:\/\/schema.org\/","@type":"Article","@id":"https:\/\/www.balador.cz\/dovolena-ma-byt-prijemna\/#Article","mainEntityOfPage":"https:\/\/www.balador.cz\/dovolena-ma-byt-prijemna\/","headline":"Dovolen\u00e1 m\u00e1 b\u00fdt p\u0159\u00edjemn\u00e1","name":"Dovolen\u00e1 m\u00e1 b\u00fdt p\u0159\u00edjemn\u00e1","description":"Jsou lid\u00e9, kte\u0159\u00ed se na dovolenou t\u011b\u0161\u00ed doslova cel\u00fd rok. Od chv\u00edle, kdy si rezervuj\u00ed koncem pr\u00e1zdnin sv\u016fj obl\u00edben\u00fd pobyt na p\u0159\u00ed\u0161t\u00ed rok. Ov\u0161em velmi \u010dasto jdou lid\u00e9 za hranice sv\u00fdch mo\u017enost\u00ed. A to rozhodn\u011b nem\u00e1me na mysli jen ty finan\u010dn\u00ed mo\u017enosti, kdy si n\u011bkte\u0159\u00ed lid\u00e9 berou p\u016fj\u010dky, aby si mohli p\u00e1r dn\u00ed v&nbsp;roce u\u017e\u00edvat [&hellip;]","datePublished":"2019-07-19","dateModified":"2023-06-12","author":{"@type":"Person","@id":"https:\/\/www.balador.cz\/author\/#Person","name":"balador.cz\n","url":"https:\/\/www.balador.cz\/author\/","identifier":1,"image":{"@type":"ImageObject","@id":"https:\/\/secure.gravatar.com\/avatar\/014a645f9f16d49aceddb25e316448c724bd78e7db0ee7a34c29417d5ca39ef1?s=96&d=mm&r=g","url":"https:\/\/secure.gravatar.com\/avatar\/014a645f9f16d49aceddb25e316448c724bd78e7db0ee7a34c29417d5ca39ef1?s=96&d=mm&r=g","height":96,"width":96}},"publisher":{"@type":"Organization","name":"balador.cz","logo":{"@type":"ImageObject","@id":"\/logo.png","url":"\/logo.png","width":600,"height":60}},"image":{"@type":"ImageObject","@id":"https:\/\/www.balador.cz\/wp-content\/uploads\/img_a349187_w2290_t1564071276.jpg","url":"https:\/\/www.balador.cz\/wp-content\/uploads\/img_a349187_w2290_t1564071276.jpg","height":0,"width":0},"url":"https:\/\/www.balador.cz\/dovolena-ma-byt-prijemna\/","about":["Dovolen\u00e1"],"wordCount":419,"articleBody":"Jsou lid\u00e9, kte\u0159\u00ed se na dovolenou t\u011b\u0161\u00ed doslova cel\u00fd rok. Od chv\u00edle, kdy si rezervuj\u00ed koncem pr\u00e1zdnin sv\u016fj obl\u00edben\u00fd pobyt na p\u0159\u00ed\u0161t\u00ed rok.\tOv\u0161em velmi \u010dasto jdou lid\u00e9 za hranice sv\u00fdch mo\u017enost\u00ed. A to rozhodn\u011b nem\u00e1me na mysli jen ty finan\u010dn\u00ed mo\u017enosti, kdy si n\u011bkte\u0159\u00ed lid\u00e9 berou p\u016fj\u010dky, aby si mohli p\u00e1r dn\u00ed v&nbsp;roce u\u017e\u00edvat nad pom\u011bry. Jsou lid\u00e9, kte\u0159\u00ed maj\u00ed nap\u0159\u00edklad panickou hr\u016fzu z&nbsp;letadel, ale maj\u00ed pocit, \u017ee pokud nepolet\u00ed na dovolenou v&nbsp;Thajsku, jako by ne\u017eili. N\u011bkdy to nen\u00ed jen strach z&nbsp;l\u00e9t\u00e1n\u00ed. Mnoho lid\u00ed m\u00e1 panick\u00e9 obavy z&nbsp;ciz\u00edho prost\u0159ed\u00ed, ciz\u00edho jazyka, odli\u0161n\u00e9 kultury, nedostate\u010dn\u00e9ho bezpe\u010d\u00ed a podobn\u011b.\t\tObavy jsou pochopiteln\u011b p\u0159irozen\u00e9. Kdy\u017e cestujete do vzd\u00e1len\u00e9 zem\u011b, nelze nem\u00edt ur\u010dit\u00e9 starosti a stres. Ale jsou lid\u00e9, kte\u0159\u00ed vn\u00edmaj\u00ed tyto okolnosti s&nbsp;extr\u00e9mn\u00ed nervozitou, kterou \u010dasto doprov\u00e1z\u00ed nevolnost, zvracen\u00ed, pr\u016fjmy, bolesti hlavy. Velmi \u010dasto tito lid\u00e9 dok\u00e1\u017eou fungovat jen pod vlivem siln\u00fdch sedativ. Tomuto stavu se \u0159\u00edk\u00e1 &bdquo;cestovn\u00ed hore\u010dka.&ldquo; Obvykle term\u00edn pou\u017e\u00edv\u00e1me v&nbsp;\u00fasm\u011bvn\u00e9m slova smyslu, ale pravdou je, \u017ee cestovn\u00ed hore\u010dka m\u016f\u017ee u n\u011bkter\u00fdch lid\u00ed b\u00fdt opravdu velmi nep\u0159\u00edjemn\u00fd stav a dovolen\u00e1 je pak v\u0161echno jenom ne chv\u00edle odpo\u010dinku. Velmi \u010dasto se tito lid\u00e9 takto p\u0159em\u00e1haj\u00ed kv\u016fli sv\u00fdch nejbli\u017e\u0161\u00edch, kter\u00e9 necht\u011bj\u00ed p\u0159ipravit nap\u0159\u00edklad o dovolenou v&nbsp;atraktivn\u00ed lokalit\u011b, u mo\u0159e.\t\tJenom\u017ee je ot\u00e1zka, zda takov\u00e1 ob\u011b\u0165 stoj\u00ed za to. Ve chv\u00edl\u00edch volna maj\u00ed lid\u00e9 pro\u017e\u00edvat pohodu. Ano ur\u010dit\u00e1 p\u0159im\u011b\u0159en\u00e1 m\u00edra p\u0159ekon\u00e1v\u00e1n\u00ed nepohodl\u00ed k&nbsp;tomu pat\u0159\u00ed, ale to rozhodn\u011b nen\u00ed pobyt str\u00e1ven\u00fd na neurolu. Je tedy na m\u00edst\u011b polo\u017eit si ot\u00e1zku, zda by nebylo vhodn\u00e9 sv\u00e9 nejbli\u017e\u0161\u00ed informovat o t\u011bchto stavech a vz\u00edt zavd\u011bk bezpe\u010dn\u011bj\u0161\u00ed lokalitou. Rozumn\u00ed lid\u00e9 to mus\u00ed pochopit. Tak\u00e9 je mo\u017en\u00e9 volit spole\u010dnou dovolenou nap\u0159\u00edklad na \u00fazem\u00ed republiky a pak d\u00e1t svobodu, aby si doty\u010dn\u00fd \u010di doty\u010dn\u00ed dop\u0159\u00e1li dovolenou sami. Vy si m\u016f\u017eete za to dop\u0159\u00e1t t\u0159eba l\u00e1ze\u0148sk\u00fd pobyt. Ano, je to n\u00e1kladn\u011bj\u0161\u00ed, ale lze to v\u0161e pl\u00e1novat.\t&nbsp;                                                                                                                                                                                                                                                                                                                                                                                        3.9\/5 - (9 votes)        "},{"@context":"https:\/\/schema.org\/","@type":"BreadcrumbList","itemListElement":[{"@type":"ListItem","position":1,"name":"Dovolen\u00e1 m\u00e1 b\u00fdt p\u0159\u00edjemn\u00e1","item":"https:\/\/www.balador.cz\/dovolena-ma-byt-prijemna\/#breadcrumbitem"}]}]