[{"@context":"https:\/\/schema.org\/","@type":"Article","@id":"https:\/\/www.balador.cz\/pujdete-s-dobou\/#Article","mainEntityOfPage":"https:\/\/www.balador.cz\/pujdete-s-dobou\/","headline":"P\u016fjdete s dobou","name":"P\u016fjdete s dobou","description":"Grilov\u00e1n\u00ed je te\u010f v\u00a0m\u00f3d\u011b, a proto jste se s\u00a0man\u017eelem rozhodli, \u017ee si tak\u00e9 po\u0159\u00edd\u00edte gril. I kdy\u017e popravd\u011b \u0159e\u010deno, zase tak jednoduch\u00e9 to nebude, nebo\u0165 je pot\u0159eba, abyste to vzali v\u0161echno popo\u0159\u00e1dku a nejd\u0159\u00edve si po\u0159\u00eddili terasu a a\u017e budete m\u00edt terasu, tak pak si na n\u00ed m\u016f\u017eete postavit gril. Ale kdy\u017e gril, tak po\u0159\u00e1dn\u00fd, [&hellip;]","datePublished":"2024-11-06","dateModified":"2024-11-06","author":{"@type":"Person","@id":"https:\/\/www.balador.cz\/author\/#Person","name":"balador.cz\n","url":"https:\/\/www.balador.cz\/author\/","identifier":1,"image":{"@type":"ImageObject","@id":"https:\/\/secure.gravatar.com\/avatar\/014a645f9f16d49aceddb25e316448c724bd78e7db0ee7a34c29417d5ca39ef1?s=96&d=mm&r=g","url":"https:\/\/secure.gravatar.com\/avatar\/014a645f9f16d49aceddb25e316448c724bd78e7db0ee7a34c29417d5ca39ef1?s=96&d=mm&r=g","height":96,"width":96}},"publisher":{"@type":"Organization","name":"balador.cz","logo":{"@type":"ImageObject","@id":"\/logo.png","url":"\/logo.png","width":600,"height":60}},"url":"https:\/\/www.balador.cz\/pujdete-s-dobou\/","wordCount":262,"articleBody":"\tGrilov\u00e1n\u00ed je te\u010f v\u00a0m\u00f3d\u011b, a proto jste se s\u00a0man\u017eelem rozhodli, \u017ee si tak\u00e9 po\u0159\u00edd\u00edte gril. I kdy\u017e popravd\u011b \u0159e\u010deno, zase tak jednoduch\u00e9 to nebude, nebo\u0165 je pot\u0159eba, abyste to vzali v\u0161echno popo\u0159\u00e1dku a nejd\u0159\u00edve si po\u0159\u00eddili terasu a a\u017e budete m\u00edt terasu, tak pak si na n\u00ed m\u016f\u017eete postavit gril. Ale kdy\u017e gril, tak po\u0159\u00e1dn\u00fd, \u017e\u00e1dnou kovovou trojno\u017eku s\u00a0ro\u0161tem, to by byl v\u00fdsm\u011bch po\u0159\u00e1dn\u00e9mu grilov\u00e1n\u00ed. Vy si ho postav\u00edte po\u0159\u00e1dn\u00fd, cihlov\u00fd, o \u00factyhodn\u00fdch rozm\u011brech a shora ho napoj\u00edte na kom\u00edn jednopr\u016fduch, aby va\u0161e pe\u010den\u00ed a ro\u017en\u011bn\u00ed m\u011blo po\u0159\u00e1dn\u00fd tah.\tMus\u00edte reprezentovatNebudete p\u0159ece skromn\u00ed, zvl\u00e1\u0161t\u011b nyn\u00ed, kdy\u017e va\u0161eho man\u017eela v\u00a0pr\u00e1ci pov\u00fd\u0161ili, a tak te\u010f v\u0161ichni o\u010dek\u00e1vaj\u00ed, \u017ee budete doma po\u0159\u00e1dat party, na kter\u00e9 budete zv\u00e1t sv\u00e9 p\u0159\u00e1tele a kolegy z\u00a0pr\u00e1ce. Holt, takov\u00e1 z\u00e1bava u\u017e k\u00a0ur\u010dit\u00fdm profes\u00edm a k\u00a0ur\u010dit\u00e9 kari\u00e9\u0159e pat\u0159\u00ed, a\u0165 se v\u00e1m to l\u00edb\u00ed nebo ne. A v\u00e1m se l\u00edb\u00ed p\u0159edev\u0161\u00edm man\u017eel\u016fv plat, tak\u017ee ud\u011bl\u00e1te, co bude pot\u0159eba, aby si ho udr\u017eel co nejd\u00e9le \u010di p\u0159\u00edpadn\u011b ho je\u0161t\u011b vylep\u0161il o n\u011bjakou tu korunu nav\u00edc. A pokud se m\u00e1 kv\u016fli toho grilovat, tak budete grilovat ve velk\u00e9m stylu.                                                                                                                                                                                                                                                                                                                                                                                        4.5\/5 - (4 votes)        "},{"@context":"https:\/\/schema.org\/","@type":"BreadcrumbList","itemListElement":[{"@type":"ListItem","position":1,"name":"P\u016fjdete s dobou","item":"https:\/\/www.balador.cz\/pujdete-s-dobou\/#breadcrumbitem"}]}]