[{"@context":"https:\/\/schema.org\/","@type":"Article","@id":"https:\/\/www.balador.cz\/sauna-praha\/#Article","mainEntityOfPage":"https:\/\/www.balador.cz\/sauna-praha\/","headline":"Sauna Praha","name":"Sauna Praha","description":"V\u011bdomost o saun\u011b a saunov\u00e1n\u00ed se b\u011bhem posledn\u00edch let soust\u0159edila na p\u0159edstavu, \u017ee saunov\u00e1n\u00ed je p\u0159edev\u0161\u00edm z\u00e1le\u017eitost zdrav\u00ed. Mysl\u00ed se t\u00edm nejen jeho ochrana, ale i n\u00e1vrat v souvislosti s onemocn\u011bn\u00edm. Budete-li tedy pravideln\u011b vyu\u017e\u00edvat saunov\u00e1n\u00ed v sauna Praha, bude v\u00e1m va\u0161e saunov\u00e1n\u00ed slou\u017eit p\u0159edev\u0161\u00edm k udr\u017een\u00ed a ochran\u011b dan\u00e9ho zdravotn\u00edho stavu a z\u00edsk\u00e1n\u00ed \u201cpocitu [&hellip;]","datePublished":"2025-04-24","dateModified":"2025-04-24","author":{"@type":"Person","@id":"https:\/\/www.balador.cz\/author\/#Person","name":"balador.cz\n","url":"https:\/\/www.balador.cz\/author\/","identifier":1,"image":{"@type":"ImageObject","@id":"https:\/\/secure.gravatar.com\/avatar\/014a645f9f16d49aceddb25e316448c724bd78e7db0ee7a34c29417d5ca39ef1?s=96&d=mm&r=g","url":"https:\/\/secure.gravatar.com\/avatar\/014a645f9f16d49aceddb25e316448c724bd78e7db0ee7a34c29417d5ca39ef1?s=96&d=mm&r=g","height":96,"width":96}},"publisher":{"@type":"Organization","name":"balador.cz","logo":{"@type":"ImageObject","@id":"\/logo.png","url":"\/logo.png","width":600,"height":60}},"url":"https:\/\/www.balador.cz\/sauna-praha\/","wordCount":215,"articleBody":"V\u011bdomost o saun\u011b a saunov\u00e1n\u00ed se b\u011bhem posledn\u00edch let soust\u0159edila na p\u0159edstavu, \u017ee saunov\u00e1n\u00ed je p\u0159edev\u0161\u00edm z\u00e1le\u017eitost zdrav\u00ed. Mysl\u00ed se t\u00edm nejen jeho ochrana, ale i n\u00e1vrat v souvislosti s onemocn\u011bn\u00edm. Budete-li tedy pravideln\u011b vyu\u017e\u00edvat saunov\u00e1n\u00ed v sauna Praha, bude v\u00e1m va\u0161e saunov\u00e1n\u00ed slou\u017eit p\u0159edev\u0161\u00edm k udr\u017een\u00ed a ochran\u011b dan\u00e9ho zdravotn\u00edho stavu a z\u00edsk\u00e1n\u00ed \u201cpocitu zdrav\u00ed\u201d.Pokud se v\u0161ak n\u011bkte\u0159\u00ed z v\u00e1s domn\u00edvaj\u00ed, \u017ee saunov\u00e1n\u00edm se jako kouzeln\u00fdm proutkem zbav\u00edte jak\u00fdchkoliv neduh\u016f nebo z\u00e1drhel\u016f ve va\u0161em zdravotn\u00edm stavu, jsou to p\u0159emr\u0161t\u011bn\u00e1 o\u010dek\u00e1v\u00e1n\u00ed. To hlavn\u00ed, co v\u00e1m sauna Praha m\u016f\u017ee nab\u00eddnout, je z\u00edsk\u00e1n\u00ed pocitu dobr\u00e9 kondice, kter\u00e1 v\u00e1m umo\u017en\u00ed p\u0159i ztr\u00e1t\u011b pln\u00e9 v\u00fdkonnosti nap\u0159\u00edklad z d\u016fvodu nemoci op\u011btnou chu\u0165 k \u017eivotu a pracovn\u00ed aktivit\u011b.P\u0159ij\u010fte!Sauna Praha v\u00e1s v\u00edt\u00e1!Doporu\u010duje, abyste si kou\u0159en\u00ed odpustili p\u0159ed vlastn\u00edm saunov\u00e1n\u00edm a zejm\u00e9na po n\u011bm, nebo\u0165 vede k poru\u0161e reakc\u00ed p\u0159edev\u0161\u00edm c\u00e9vn\u00edho syst\u00e9mu.                                                                                                                                                                                                                                                                                                                                                                                                "},{"@context":"https:\/\/schema.org\/","@type":"BreadcrumbList","itemListElement":[{"@type":"ListItem","position":1,"name":"Sauna Praha","item":"https:\/\/www.balador.cz\/sauna-praha\/#breadcrumbitem"}]}]