[{"@context":"https:\/\/schema.org\/","@type":"Article","@id":"https:\/\/www.balador.cz\/trabant-601-pro-rallye-monte-carlo\/#Article","mainEntityOfPage":"https:\/\/www.balador.cz\/trabant-601-pro-rallye-monte-carlo\/","headline":"Trabant 601 pro Rallye Monte Carlo","name":"Trabant 601 pro Rallye Monte Carlo","description":"Rok 1996 pova\u017euji ve sv\u00e9m \u017eivot\u011b za jeden z nejkr\u00e1sn\u011bj\u0161\u00edch. V t\u00e9 dob\u011b jsem pro\u017e\u00edval hezk\u00fd vztah s mou b\u00fdvalou p\u0159\u00edtelkyn\u00ed, se kterou jsme se tak\u00e9 z\u00fa\u010dastnili vod\u00e1ck\u00e9ho putov\u00e1n\u00ed po S\u00e1zav\u011b. Kdy\u017e jsme p\u0159ipluli do Po\u0159\u00ed\u010d\u00ed nad S\u00e1zavou, bylo p\u0159\u00edjemn\u00e9 slune\u010dn\u00e9 po\u010das\u00ed. Postavili jsme stany na b\u0159ehu \u0159eky a za\u0161li do m\u00edstn\u00ed restaurace na ve\u010de\u0159i. [&hellip;]","datePublished":"2025-12-25","dateModified":"2025-12-25","author":{"@type":"Person","@id":"https:\/\/www.balador.cz\/author\/#Person","name":"balador.cz\n","url":"https:\/\/www.balador.cz\/author\/","identifier":1,"image":{"@type":"ImageObject","@id":"https:\/\/secure.gravatar.com\/avatar\/014a645f9f16d49aceddb25e316448c724bd78e7db0ee7a34c29417d5ca39ef1?s=96&d=mm&r=g","url":"https:\/\/secure.gravatar.com\/avatar\/014a645f9f16d49aceddb25e316448c724bd78e7db0ee7a34c29417d5ca39ef1?s=96&d=mm&r=g","height":96,"width":96}},"publisher":{"@type":"Organization","name":"balador.cz","logo":{"@type":"ImageObject","@id":"\/logo.png","url":"\/logo.png","width":600,"height":60}},"image":{"@type":"ImageObject","@id":"https:\/\/www.balador.cz\/wp-content\/uploads\/trabant-3248331_640.jpg","url":"https:\/\/www.balador.cz\/wp-content\/uploads\/trabant-3248331_640.jpg","height":0,"width":0},"url":"https:\/\/www.balador.cz\/trabant-601-pro-rallye-monte-carlo\/","about":["V\u00fdrobky"],"wordCount":403,"articleBody":"       Rok 1996 pova\u017euji ve sv\u00e9m \u017eivot\u011b za jeden z nejkr\u00e1sn\u011bj\u0161\u00edch. V t\u00e9 dob\u011b jsem pro\u017e\u00edval hezk\u00fd vztah s mou b\u00fdvalou p\u0159\u00edtelkyn\u00ed, se kterou jsme se tak\u00e9 z\u00fa\u010dastnili vod\u00e1ck\u00e9ho putov\u00e1n\u00ed po S\u00e1zav\u011b. Kdy\u017e jsme p\u0159ipluli do Po\u0159\u00ed\u010d\u00ed nad S\u00e1zavou, bylo p\u0159\u00edjemn\u00e9 slune\u010dn\u00e9 po\u010das\u00ed. Postavili jsme stany na b\u0159ehu \u0159eky a za\u0161li do m\u00edstn\u00ed restaurace na ve\u010de\u0159i. Po vydatn\u00e9m pokrmu se dob\u0159e us\u00ednalo, ov\u0161em to rann\u00ed probuzen\u00ed bylo drsn\u00e9. Brzy zr\u00e1na se toti\u017e p\u0159\u00edmo p\u0159ed na\u0161imi stany odehr\u00e1val z\u00e1vod Trabant\u016f. Startovn\u00ed \u010d\u00e1ra byla um\u00edst\u011bna p\u00e1r metr\u016f odtud a hlasit\u00fd zvuk, kter\u00fd prov\u00e1zel nep\u0159\u00edjemn\u00fd z\u00e1pach motorov\u00fdch spalin, n\u00e1s doslova vyhnal na \u0159\u00ed\u010dn\u00ed hladinu.I p\u0159esto jsem v\u0161ak na Trabanty nezanev\u0159el. Pova\u017euji je za sou\u010d\u00e1st doby re\u00e1ln\u00e9ho socialismu a n\u011bkter\u00fdm lidem mohl tento \u201elidov\u00fd v\u016fz\u201c dob\u0159e poslou\u017eit. Pamatuji si jej tak\u00e9 jako z\u00e1sobovac\u00ed vozidlo na pion\u00fdrsk\u00e9m t\u00e1bo\u0159e v Nezabudic\u00edch na Berounce v roce 1980. V\u016fz Trabant 601 si m\u016f\u017eete nyn\u00ed p\u0159ipomenout i mezi modely aut. Je zhotoven v m\u011b\u0159\u00edtku 1:43 v b\u00edl\u00e9 barv\u011b se sv\u011btle modrou st\u0159echou a startovn\u00edm \u010d\u00edslem 52. Tento v\u016fz startoval na Rallye Monte Carlo. Model vozidla vypad\u00e1 opravdu \u00fa\u017easn\u011b, je to ru\u010dn\u00ed pr\u00e1ce a mohl by j\u00ed ocenit n\u011bkdo, kdo m\u00e1 k ru\u010dn\u011b vyr\u00e1b\u011bn\u00fdm model\u016fm aut\u00ed\u010dek kladn\u00fd vztah. P\u0159edes\u00edl\u00e1m, \u017ee model auta nen\u00ed hra\u010dka pro d\u011bti, i kdy\u017e si s n\u00edm samoz\u0159ejm\u011b d\u011bti mohou pohr\u00e1t, ov\u0161em jde sp\u00ed\u0161e o v\u00fdstavn\u00ed kousek, kter\u00fd by mohl vyzdobit poli\u010dku v pracovn\u011b nebo v kancel\u00e1\u0159i. Mezi modely aut objev\u00edte celou \u0159adu jin\u00fdch vozidel, tak\u017ee by v\u00e1s mohl pot\u011b\u0161it nejen \u201eTr\u00e1bo\u0161\u201c, ale t\u0159eba i Moskvi\u010de, Wartburgy, Dacie, \u0160kodovky, Volhy, Lady, Avie, Liazy a tak\u00e9 automobily, kter\u00e9 se v t\u00e9 dob\u011b vyr\u00e1b\u011bly v zem\u00edch z\u00e1padn\u00ed Evropy nebo t\u0159eba v z\u00e1mo\u0159\u00ed. Modely aut\u00ed\u010dek jsou zhotoven\u00e9 velmi precizn\u011b a j\u00e1 velice obdivuji jejich tv\u016frce, kte\u0159\u00ed si s nimi vysloven\u011b pohr\u00e1li, aby vypadaly jako skute\u010dn\u00e1 vozidla.                                                                                                                                                                                                                                                                                                                                                                                          5\/5 - (2 votes)        "},{"@context":"https:\/\/schema.org\/","@type":"BreadcrumbList","itemListElement":[{"@type":"ListItem","position":1,"name":"Trabant 601 pro Rallye Monte Carlo","item":"https:\/\/www.balador.cz\/trabant-601-pro-rallye-monte-carlo\/#breadcrumbitem"}]}]